{"id":5823,"date":"2026-03-21T20:05:09","date_gmt":"2026-03-21T18:05:09","guid":{"rendered":"https:\/\/vythoulkas.ro\/data-estimata-a-nasterii-cum-o-calculez-corect\/"},"modified":"2026-03-16T13:08:44","modified_gmt":"2026-03-16T11:08:44","slug":"estimated-due-date-how-i-calculate-it-correctly","status":"publish","type":"post","link":"https:\/\/vythoulkas.ro\/en\/estimated-due-date-how-i-calculate-it-correctly\/","title":{"rendered":"How I Calculate the Estimated Due Date and What I Explain to Patients"},"content":{"rendered":"\n<p>When pregnancy appears, one of the first questions is about timing: when should the baby be born? In practice, pregnancy after IVF: what you need to know is a subject I discuss frequently with patients, especially because the beginning of pregnancy comes with emotion but also with many calculations, comparisons and uncertainties. In this context, I explain simply what the estimated due date means, how I calculate it and why it should not be seen as a rigid promise, but rather as a useful medical reference.<\/p>\n\n\n\n<h2 class=\"wp-block-heading\">How I Determine the Estimated Due Date at the First Evaluation<\/h2>\n\n\n\n<p>In most cases, the estimated due date is calculated starting from the first day of the last menstrual period. This is the classical method used in obstetrics and provides a useful starting point, especially when cycles are relatively regular. Based on this calculation, the term is placed at approximately 40 weeks from that date.<\/p>\n\n\n\n<p>I explain to patients that the estimated due date does not represent the exact day when birth will occur. In reality, it defines rather a probable period during which the pregnancy reaches full term. Very few births take place exactly on the initially calculated date. For this reason, I prefer to use this reference as an orientation tool, not as a fixed point.<\/p>\n\n\n\n<p>When we talk about pregnancies achieved through reproductive procedures, the context is slightly different. In patients who have undergone in vitro fertilization (IVF), we often have very precise information about the moment of fertilization or embryo transfer. This helps me estimate gestational age more accurately and better correlate the estimated due date with the real progression of the pregnancy.<\/p>\n\n\n\n<h2 class=\"wp-block-heading\">Why the Estimated Due Date May Change After Ultrasound<\/h2>\n\n\n\n<p>One of the most frequent questions appears when the calculation based on menstruation does not perfectly match the first trimester ultrasound. At this stage, early ultrasound is extremely important because it provides a very good estimate of gestational age based on the embryo\u2019s measurements.<\/p>\n\n\n\n<p>That is why I clearly explain that the estimated due date can be adjusted if the ultrasound shows a relevant difference compared with the initial calculation. This does not mean that there is a problem and it does not mean that the pregnancy \u201cis not progressing well.\u201d In most situations, we are simply talking about a more precise dating. Especially when menstrual cycles are irregular, ovulation occurred later or the patient does not remember exactly the first day of the last menstrual period, ultrasound becomes the most useful reference.<\/p>\n\n\n\n<p>From a medical perspective, having an accurate estimated due date is important because several decisions depend on it: interpreting fetal development, scheduling certain investigations and evaluating the moment when the pregnancy is considered full term. An incorrect calculation can create unnecessary anxiety or lead to incorrect interpretations of the growth rhythm.<\/p>\n\n\n\n<h2 class=\"wp-block-heading\">What I Explain to Patients After Pregnancy Is Achieved, Including After IVF<\/h2>\n\n\n\n<p>In the office, I try to move the discussion away from the idea of an \u201conline calculator\u201d and place it within a correct medical framework. The estimated due date is a very useful reference, but it must be interpreted together with the patient\u2019s history, the way the pregnancy was achieved and the results of early ultrasounds.<\/p>\n\n\n\n<p>For patients who have gone through the patient experience in IVF, the need for clarity is even greater. After a fertility journey that is often long, every week of pregnancy carries strong emotional weight. That is exactly why I explain from the beginning that the estimated due date helps us follow the pregnancy correctly, but it should not become an additional source of stress.<\/p>\n\n\n\n<p>I also explain that after IVF the calculation can sometimes be more precise because we know when the embryo transfer took place. Even so, ultrasound monitoring remains essential. A pregnancy must be followed dynamically, not only placed within a calendar date. For patients who are also learning about access to treatment options, it may be useful to understand a broader context, including information related to the National IVF Program 2025 \u2013 complete guide, especially when the reproductive journey is part of a larger plan.<\/p>\n\n\n\n<section class=\"quote-component full bg-tutu-400 py-[40px] overflow-hidden\">\n    <div class=\"section-container mx-auto px-4\">\n        <div class=\"lg:grid flex flex-col lg:grid-rows-4 grid-cols-6 lg:gap-x-[12px] items-start\">\n\n            <div class=\"col-start-1 col-end-7 lg:col-end-5 row-start-1 row-end-3 lg:row-end-3 flex flex-col lg:block\">\n                                    <h2 class=\"inline font-light m-0 align-bottom\">\n                        \u201cYou deserve to be heard, seen, treated with respect, and supported throughout your life.\u201d                    <\/h2>\n                \n                            <\/div>\n\n            <div class=\"grid self-stretch grid-cols-6 grid-rows-4 h-full lg:contents\">\n                                    <div class=\"lg:max-w-full max-w-[410px] -mb-[20px] lg:m-0 col-start-4 lg:col-start-5 col-end-7 row-start-1 row-end-3 lg:row-start-1 lg:row-end-4 self-stretch overflow-hidden\">\n                        <img decoding=\"async\" src=\"https:\/\/vythoulkas.ro\/wp-content\/uploads\/2025\/10\/Doctor-Patient-Care.jpg\" alt=\"Ilustra\u021bie cu Dr. Andreas Vythoulkas oferind sprijin \u0219i \u00eengrijire personalizat\u0103 unei paciente \u00een cadrul tratamentelor FIV.\" class=\"w-full h-full object-cover\">\n                    <\/div>\n                \n                                    <div class=\"max-h-[min(50vw,300px)] lg:max-h-[462px] col-start-1 col-end-6 row-start-3 row-end-5 lg:col-start-2 lg:col-end-5 lg:row-start-3 lg:row-end-5 self-stretch overflow-hidden\">\n                        <img decoding=\"async\" src=\"https:\/\/vythoulkas.ro\/wp-content\/uploads\/2025\/10\/Expecting-Mother.jpg\" alt=\"Ilustra\u021bie cu o femeie \u00eens\u0103rcinat\u0103 reprezent\u00e2nd succesul tratamentelor de fertilitate oferite de Dr. Andreas Vythoulkas.\" class=\"w-full h-full object-cover\">\n                    <\/div>\n                            <\/div>\n        <\/div>\n    <\/div>\n<\/section>\n\n\n\n\n<h2 class=\"wp-block-heading\">Frequently Asked Questions<\/h2>\n\n\n\n<p><strong>Does the estimated due date mean the exact day when I will give birth?<\/strong><br>No. The estimated due date is a medical estimation of the moment when the pregnancy reaches full term. Birth can occur before or after this date without necessarily being abnormal.<\/p>\n\n\n\n<p><strong>If I have irregular cycles, is the calculation based on the last menstrual period still correct?<\/strong><br>It may be useful as a starting point, but it is not always precise enough. In these situations, first trimester ultrasound plays a very important role in establishing gestational age correctly.<\/p>\n\n\n\n<p><strong>After IVF, is the estimated due date calculated differently?<\/strong><br>Essentially, we still use standard obstetrical criteria, but we have the advantage of very clear information about the moment of fertilization or embryo transfer. This allows a more accurate estimate from the beginning.<\/p>\n\n\n\n<p><strong>Is it serious if the doctor changes the due date after the first ultrasound?<\/strong><br>No. Most of the time it represents a normal adjustment made in order to monitor the pregnancy more accurately. Such a change does not automatically mean that there is a problem.<\/p>\n\n\n\n<figure class=\"wp-block-image size-large\"><img decoding=\"async\" width=\"1024\" height=\"572\" src=\"https:\/\/vythoulkas.ro\/wp-content\/uploads\/2026\/03\/2025-12-25-NUTRITIA-PENTRU-FERTILITATE-06-COMPRESSED-1024x572.jpg\" alt=\"\" class=\"wp-image-5687\" srcset=\"https:\/\/vythoulkas.ro\/wp-content\/uploads\/2026\/03\/2025-12-25-NUTRITIA-PENTRU-FERTILITATE-06-COMPRESSED-1024x572.jpg 1024w, https:\/\/vythoulkas.ro\/wp-content\/uploads\/2026\/03\/2025-12-25-NUTRITIA-PENTRU-FERTILITATE-06-COMPRESSED-300x167.jpg 300w, https:\/\/vythoulkas.ro\/wp-content\/uploads\/2026\/03\/2025-12-25-NUTRITIA-PENTRU-FERTILITATE-06-COMPRESSED-768x429.jpg 768w, https:\/\/vythoulkas.ro\/wp-content\/uploads\/2026\/03\/2025-12-25-NUTRITIA-PENTRU-FERTILITATE-06-COMPRESSED-1536x857.jpg 1536w, https:\/\/vythoulkas.ro\/wp-content\/uploads\/2026\/03\/2025-12-25-NUTRITIA-PENTRU-FERTILITATE-06-COMPRESSED-2048x1143.jpg 2048w\" sizes=\"(max-width: 1024px) 100vw, 1024px\" \/><\/figure>\n\n\n\n<h2 class=\"wp-block-heading\">The Role of Dr. Andreas Vythoulkas in Monitoring the Beginning of Pregnancy Correctly<\/h2>\n\n\n\n<p>In my practice, I believe the beginning of pregnancy should be explained calmly, clearly and without expressions that create unnecessary concern. When I discuss the estimated due date, I try to offer patients not only a number, but also the medical context they need in order to understand where that calculation comes from and what real value it has.<\/p>\n\n\n\n<p>Especially after assisted reproduction treatments, my role is to correlate biological, ultrasound and clinical data in a coherent way. A patient needs to know what the correct medical reference is, what can naturally vary and when additional questions should be asked. At this stage, medical communication is just as important as the investigation itself because it reduces anxiety and helps the patient follow her pregnancy in a realistic and informed way.<\/p>\n\n\n\n<section class=\"talk-to-expert-component my-[80px] lg:my-[120px]\">\n    <div class=\"section-container mx-auto bg-baby-blue-100 max-w-[1116px]\">\n        <div class=\"grid grid-cols-1 lg:grid-cols-2 items-stretch gap-[40px]\">\n\n            <!-- Left Column: Text Content -->\n            <div class=\"flex flex-col justify-start items-start gap-[40px] px-[18px] lg:pl-[40px] pt-[40px] lg:pb-[20px] lg:pr-0\">\n                                    <span class=\"font-[450] m-0 body-md\">Contact me<\/span>\n                \n                                    <h4 class=\"font-normal m-0\">\n                        Talk to me about                                                    <br><strong class=\"font-bold bg-baby-blue-300\" >Estimated Due Date<\/strong>\n                                            <\/h4>\n                \n                                    <div class=\"m-0 body-md wysiwyg-content\">\n                        If you have questions about the estimated due date or concerns about your fertility, you can request a dedicated consultation at any time. An individual assessment helps clarify the available options and establish a treatment plan tailored to your personal needs.                    <\/div>\n                \n                                    <div class=\"align-self-end\">\n                        \n<a href=\"https:\/\/vythoulkas.ro\/contact\/\"\n   target=\"_self\"\n   class=\"group inline-flex items-center gap-2 h-14 py-2 rounded-full border-[1px] transition-colors duration-300 hover:no-underline border-baby-blue-800 hover:border-baby-blue-500 text-baby-blue-800 hover:text-baby-blue-800 pl-6 pr-2\">\n\n    <span class=\"font-[400] text-base whitespace-nowrap\">Talk to me now<\/span>\n            <span class=\"flex items-center justify-center w-10 h-10 duration-300 transition-transform rounded-full bg-baby-blue-800 text-baby-blue-100 -rotate-45 group-hover:rotate-0\">\n             <svg class=\"w-6 h-6 text-baby-blue-100\" fill=\"none\" stroke=\"currentColor\" viewBox=\"0 0 24 24\"\n                  xmlns=\"http:\/\/www.w3.org\/2000\/svg\">\n                  <path stroke-linecap=\"round\" stroke-linejoin=\"round\" stroke-width=\"2\" d=\"M14 5l7 7m0 0l-7 7m7-7H3\"><\/path>\n             <\/svg>\n        <\/span>\n    <\/a>\n                    <\/div>\n                            <\/div>\n\n            <!-- Right Column: Image -->\n            <div class=\"items-stretch flex\">\n                <div class=\"relative w-full h-full overflow-hidden\">\n                                            <img decoding=\"async\" class=\"lg:inset-0 lg:absolute w-full h-full max-h-full block object-cover\" src=\"https:\/\/vythoulkas.ro\/wp-content\/uploads\/2026\/03\/2026-03-21-CUM-SE-CALCULEAZA-DATA-ESTIMATA-A-NASTERII-COVER-COMPRESSED-scaled.jpg\" alt=\"\">\n                                    <\/div>\n            <\/div>\n\n        <\/div>\n    <\/div>\n<\/section>\n<style>\n    @media screen and (max-width: 992px) {\n        .talk-to-expert-component {\n            padding-left: 0;\n            padding-right: 0;\n        }\n        \/*.expert-subtitle {\n            color: var(--text-body, #262B2F);\n            leading-trim: both;\n            text-edge: cap;\n            font-kerning: none;\n\n            !* Body\/Body Medium Mobile *!\n            font-family: var(--type-font-family-secondary);\n            font-size: var(--font-size-body-sm, 16px);\n            font-style: normal;\n            font-weight: 450;\n            line-height: var(--line-height-body-sm, 24px); !* 150% *!\n        }*\/\n    }\n<\/style>\n\n\n\n<h4 class=\"wp-block-heading\">Sources<\/h4>\n\n\n\n<ul class=\"wp-block-list\">\n<li><a href=\"https:\/\/www.acog.org\/clinical\/clinical-guidance\/committee-opinion\/articles\/2017\/05\/methods-for-estimating-the-due-date\" target=\"_blank\" rel=\"noopener\">ACOG \u2013 Estimated Due Date<\/a><\/li>\n\n\n\n<li><a href=\"https:\/\/www.nhs.uk\/pregnancy\/finding-out\/due-date-calculator\/\" target=\"_blank\" rel=\"noopener\">NHS \u2013 Your pregnancy and baby guide<\/a><\/li>\n\n\n\n<li><a>NICHD \u2013 How your fetus grows during pregnancy<\/a><\/li>\n\n\n\n<li><a href=\"https:\/\/www.mayoclinic.org\/healthy-lifestyle\/pregnancy-week-by-week\/in-depth\/fetal-development\/art-20045997\" target=\"_blank\" rel=\"noopener\">Mayo Clinic \u2013 Fetal development: The first trimester<\/a><\/li>\n\n\n\n<li><a href=\"https:\/\/www.who.int\/publications\/i\/item\/9789241549912\" target=\"_blank\" rel=\"noopener\">WHO \u2013 Recommendations on antenatal care<\/a><\/li>\n<\/ul>\n","protected":false},"excerpt":{"rendered":"<p>How the due date is calculated, what early ultrasound means and why the initial date is not always final.<\/p>\n","protected":false},"author":6,"featured_media":5825,"comment_status":"open","ping_status":"closed","sticky":false,"template":"","format":"standard","meta":{"_acf_changed":false,"footnotes":""},"categories":[7],"tags":[237,215,233],"post_author":[],"class_list":["post-5823","post","type-post","status-publish","format-standard","has-post-thumbnail","hentry","category-articles","tag-pregnancy","tag-sarcina"],"acf":[],"_links":{"self":[{"href":"https:\/\/vythoulkas.ro\/en\/wp-json\/wp\/v2\/posts\/5823","targetHints":{"allow":["GET"]}}],"collection":[{"href":"https:\/\/vythoulkas.ro\/en\/wp-json\/wp\/v2\/posts"}],"about":[{"href":"https:\/\/vythoulkas.ro\/en\/wp-json\/wp\/v2\/types\/post"}],"author":[{"embeddable":true,"href":"https:\/\/vythoulkas.ro\/en\/wp-json\/wp\/v2\/users\/6"}],"replies":[{"embeddable":true,"href":"https:\/\/vythoulkas.ro\/en\/wp-json\/wp\/v2\/comments?post=5823"}],"version-history":[{"count":1,"href":"https:\/\/vythoulkas.ro\/en\/wp-json\/wp\/v2\/posts\/5823\/revisions"}],"predecessor-version":[{"id":5837,"href":"https:\/\/vythoulkas.ro\/en\/wp-json\/wp\/v2\/posts\/5823\/revisions\/5837"}],"wp:featuredmedia":[{"embeddable":true,"href":"https:\/\/vythoulkas.ro\/en\/wp-json\/wp\/v2\/media\/5825"}],"wp:attachment":[{"href":"https:\/\/vythoulkas.ro\/en\/wp-json\/wp\/v2\/media?parent=5823"}],"wp:term":[{"taxonomy":"category","embeddable":true,"href":"https:\/\/vythoulkas.ro\/en\/wp-json\/wp\/v2\/categories?post=5823"},{"taxonomy":"post_tag","embeddable":true,"href":"https:\/\/vythoulkas.ro\/en\/wp-json\/wp\/v2\/tags?post=5823"},{"taxonomy":"post_author","embeddable":true,"href":"https:\/\/vythoulkas.ro\/en\/wp-json\/wp\/v2\/post_author?post=5823"}],"curies":[{"name":"wp","href":"https:\/\/api.w.org\/{rel}","templated":true}]}}